{"id":130,"date":"2018-07-23T19:00:09","date_gmt":"2018-07-23T17:00:09","guid":{"rendered":"http:\/\/renocentese.com\/?p=130"},"modified":"2019-07-31T12:06:14","modified_gmt":"2019-07-31T10:06:14","slug":"il-reno-e-tornato","status":"publish","type":"post","link":"https:\/\/renocentese.com\/index.php\/2018\/07\/23\/il-reno-e-tornato\/","title":{"rendered":"Il Reno \u00e8 tornato!"},"content":{"rendered":"<p>\u00c8 ufficiale la <strong>Polisportiva Reno Centese ASD<\/strong> si \u00e8 iscritta al campionato di calcio di <strong>terza categoria 2018\/2019.<\/strong><\/p>\n<p>Quest&#8217;anno si festeggia il 45\u00b0 anno di fondazione e non c&#8217;\u00e8 momento migliore per far ripartire lo sport che ci ha dato grande notoriet\u00e0.<\/p>\n<p><img loading=\"lazy\" decoding=\"async\" class=\"alignnone wp-image-143 size-large\" src=\"http:\/\/renocentese.com\/wp-content\/uploads\/2018\/07\/Squadra-Reno-Centese-1024x768.jpg\" alt=\"\" width=\"800\" height=\"600\" srcset=\"https:\/\/renocentese.com\/wp-content\/uploads\/2018\/07\/Squadra-Reno-Centese-1024x768.jpg 1024w, https:\/\/renocentese.com\/wp-content\/uploads\/2018\/07\/Squadra-Reno-Centese-300x225.jpg 300w, https:\/\/renocentese.com\/wp-content\/uploads\/2018\/07\/Squadra-Reno-Centese-768x576.jpg 768w, https:\/\/renocentese.com\/wp-content\/uploads\/2018\/07\/Squadra-Reno-Centese-800x600.jpg 800w, https:\/\/renocentese.com\/wp-content\/uploads\/2018\/07\/Squadra-Reno-Centese-1200x900.jpg 1200w\" sizes=\"auto, (max-width: 800px) 100vw, 800px\" \/><\/p>\n<p>Questa sar\u00e0 una <strong>ripartenza<\/strong> che vedr\u00e0 oltre alla <strong>prima squadra<\/strong> anche il ritorno della <strong>scuola calcio <\/strong>assieme ad<strong> altre attivit\u00e0 sportive.<\/strong><\/p>\n<p>Il ritrovo di luned\u00ec 23 luglio ha permesso agli appassionati di conoscere tutti i giocatori che terranno alta la bandiera del nostro Reno Centese per la prossima stagione calcistica.<\/p>\n<p>Potete vedere chi sono i nostri atleti nella foto seguente, ma prima di lasciarvi vorrei fare a nome di tutto il consiglio direttivo un grosso in bocca al lupo alla nostra nuova squadra che siamo sicuri dar\u00e0 il massimo impegno per portare sempre pi\u00f9 gloria al nostro grande Reno.<\/p>\n<p>Vi lascio con una citazione di un grande sportivo.<\/p>\n<p><em>Con il talento si vincono le partite , ma \u00e8 con il lavoro di squadra e l&#8217;intelligenza che si vincono i campionati. (Michael Jordan)<\/em><\/p>\n<p><strong>Ecco a voi la nostra rosa di giocatori<\/strong><\/p>\n<p><img loading=\"lazy\" decoding=\"async\" class=\"alignnone wp-image-222 size-full\" src=\"http:\/\/renocentese.com\/wp-content\/uploads\/2018\/07\/Rosa.png\" alt=\"\" width=\"960\" height=\"540\" srcset=\"https:\/\/renocentese.com\/wp-content\/uploads\/2018\/07\/Rosa.png 960w, https:\/\/renocentese.com\/wp-content\/uploads\/2018\/07\/Rosa-300x169.png 300w, https:\/\/renocentese.com\/wp-content\/uploads\/2018\/07\/Rosa-768x432.png 768w, https:\/\/renocentese.com\/wp-content\/uploads\/2018\/07\/Rosa-800x450.png 800w\" sizes=\"auto, (max-width: 960px) 100vw, 960px\" \/><\/p>\n<p><strong>STAFF TECNICO<\/strong><\/p>\n<p><strong>Mister:<\/strong> Angelo Rodolfi<\/p>\n<p><strong>Prep. Portieri:<\/strong> Luca Bregoli<\/p>\n<p><strong>Team Manager:<\/strong> Goffredo Guaraldi<\/p>\n<p><strong>Dirig. Accompagnatore:<\/strong> Enrico Roma<\/p>\n<p><strong>Dirig. Accompagnatore:<\/strong> Marco Bonazzi<\/p>\n<p><strong>Segretario:<\/strong> Daniele Ghelli<\/p>\n<p><strong>Direttore Sportivo:<\/strong> Giancarlo Barioni<\/p>\n<p><strong>Magazziniere:<\/strong> Ottavio Balboni<\/p>\n<p>&nbsp;<\/p>\n<p><strong>DIRIGENTI<\/strong><\/p>\n<p><strong>Presidente:<\/strong> Andrea Dongiovanni<\/p>\n<p><strong>Vice Presidente:<\/strong> Marco Diozzi<\/p>\n<p><strong>Dirigente:<\/strong> Samuel Filippini<\/p>\n<p><strong>Dirigente:<\/strong> Marco Bonazzi<\/p>\n","protected":false},"excerpt":{"rendered":"<p>\u00c8 ufficiale la Polisportiva Reno Centese ASD si \u00e8 iscritta al campionato di calcio di terza categoria 2018\/2019. Quest&#8217;anno si festeggia il 45\u00b0 anno di fondazione e non c&#8217;\u00e8 momento migliore per far ripartire lo sport che ci ha dato grande notoriet\u00e0. Questa sar\u00e0 una ripartenza che vedr\u00e0 oltre alla prima squadra anche il ritorno [&hellip;]<\/p>\n","protected":false},"author":2,"featured_media":0,"comment_status":"closed","ping_status":"closed","sticky":false,"template":"","format":"standard","meta":{"pgc_meta":"","footnotes":""},"categories":[6],"tags":[],"class_list":["post-130","post","type-post","status-publish","format-standard","hentry","category-prima-squadra"],"yoast_head":"<!-- This site is optimized with the Yoast SEO plugin v23.7 - https:\/\/yoast.com\/wordpress\/plugins\/seo\/ -->\n<title>Il Reno \u00e8 tornato! -<\/title>\n<meta name=\"robots\" content=\"index, follow, max-snippet:-1, max-image-preview:large, max-video-preview:-1\" \/>\n<link rel=\"canonical\" href=\"http:\/\/renocentese.com\/index.php\/2018\/07\/23\/il-reno-e-tornato\/\" \/>\n<meta property=\"og:locale\" content=\"it_IT\" \/>\n<meta property=\"og:type\" content=\"article\" \/>\n<meta property=\"og:title\" content=\"Il Reno \u00e8 tornato! -\" \/>\n<meta property=\"og:description\" content=\"\u00c8 ufficiale la Polisportiva Reno Centese ASD si \u00e8 iscritta al campionato di calcio di terza categoria 2018\/2019. Quest&#8217;anno si festeggia il 45\u00b0 anno di fondazione e non c&#8217;\u00e8 momento migliore per far ripartire lo sport che ci ha dato grande notoriet\u00e0. Questa sar\u00e0 una ripartenza che vedr\u00e0 oltre alla prima squadra anche il ritorno [&hellip;]\" \/>\n<meta property=\"og:url\" content=\"http:\/\/renocentese.com\/index.php\/2018\/07\/23\/il-reno-e-tornato\/\" \/>\n<meta property=\"article:published_time\" content=\"2018-07-23T17:00:09+00:00\" \/>\n<meta property=\"article:modified_time\" content=\"2019-07-31T10:06:14+00:00\" \/>\n<meta property=\"og:image\" content=\"http:\/\/renocentese.com\/wp-content\/uploads\/2018\/07\/Squadra-Reno-Centese-1024x768.jpg\" \/>\n<meta name=\"author\" content=\"renoadmin\" \/>\n<meta name=\"twitter:card\" content=\"summary_large_image\" \/>\n<meta name=\"twitter:label1\" content=\"Scritto da\" \/>\n\t<meta name=\"twitter:data1\" content=\"\" \/>\n\t<meta name=\"twitter:label2\" content=\"Tempo di lettura stimato\" \/>\n\t<meta name=\"twitter:data2\" content=\"1 minuto\" \/>\n<script type=\"application\/ld+json\" class=\"yoast-schema-graph\">{\"@context\":\"https:\/\/schema.org\",\"@graph\":[{\"@type\":\"WebPage\",\"@id\":\"http:\/\/renocentese.com\/index.php\/2018\/07\/23\/il-reno-e-tornato\/\",\"url\":\"http:\/\/renocentese.com\/index.php\/2018\/07\/23\/il-reno-e-tornato\/\",\"name\":\"Il Reno \u00e8 tornato! -\",\"isPartOf\":{\"@id\":\"http:\/\/renocentese.com\/#website\"},\"primaryImageOfPage\":{\"@id\":\"http:\/\/renocentese.com\/index.php\/2018\/07\/23\/il-reno-e-tornato\/#primaryimage\"},\"image\":{\"@id\":\"http:\/\/renocentese.com\/index.php\/2018\/07\/23\/il-reno-e-tornato\/#primaryimage\"},\"thumbnailUrl\":\"http:\/\/renocentese.com\/wp-content\/uploads\/2018\/07\/Squadra-Reno-Centese-1024x768.jpg\",\"datePublished\":\"2018-07-23T17:00:09+00:00\",\"dateModified\":\"2019-07-31T10:06:14+00:00\",\"author\":{\"@id\":\"http:\/\/renocentese.com\/#\/schema\/person\/35ab577861bf5a08e78240fa58bc08b9\"},\"breadcrumb\":{\"@id\":\"http:\/\/renocentese.com\/index.php\/2018\/07\/23\/il-reno-e-tornato\/#breadcrumb\"},\"inLanguage\":\"it-IT\",\"potentialAction\":[{\"@type\":\"ReadAction\",\"target\":[\"http:\/\/renocentese.com\/index.php\/2018\/07\/23\/il-reno-e-tornato\/\"]}]},{\"@type\":\"ImageObject\",\"inLanguage\":\"it-IT\",\"@id\":\"http:\/\/renocentese.com\/index.php\/2018\/07\/23\/il-reno-e-tornato\/#primaryimage\",\"url\":\"https:\/\/renocentese.com\/wp-content\/uploads\/2018\/07\/Squadra-Reno-Centese.jpg\",\"contentUrl\":\"https:\/\/renocentese.com\/wp-content\/uploads\/2018\/07\/Squadra-Reno-Centese.jpg\",\"width\":4032,\"height\":3024},{\"@type\":\"BreadcrumbList\",\"@id\":\"http:\/\/renocentese.com\/index.php\/2018\/07\/23\/il-reno-e-tornato\/#breadcrumb\",\"itemListElement\":[{\"@type\":\"ListItem\",\"position\":1,\"name\":\"Home\",\"item\":\"http:\/\/renocentese.com\/\"},{\"@type\":\"ListItem\",\"position\":2,\"name\":\"Il Reno \u00e8 tornato!\"}]},{\"@type\":\"WebSite\",\"@id\":\"http:\/\/renocentese.com\/#website\",\"url\":\"http:\/\/renocentese.com\/\",\"name\":\"\",\"description\":\"\",\"potentialAction\":[{\"@type\":\"SearchAction\",\"target\":{\"@type\":\"EntryPoint\",\"urlTemplate\":\"http:\/\/renocentese.com\/?s={search_term_string}\"},\"query-input\":{\"@type\":\"PropertyValueSpecification\",\"valueRequired\":true,\"valueName\":\"search_term_string\"}}],\"inLanguage\":\"it-IT\"},{\"@type\":\"Person\",\"@id\":\"http:\/\/renocentese.com\/#\/schema\/person\/35ab577861bf5a08e78240fa58bc08b9\",\"name\":\"renoadmin\",\"image\":{\"@type\":\"ImageObject\",\"inLanguage\":\"it-IT\",\"@id\":\"http:\/\/renocentese.com\/#\/schema\/person\/image\/\",\"url\":\"https:\/\/secure.gravatar.com\/avatar\/2c0a28050b710f2e3cb3294bd752ef1bed88978bedc965d727afff7a82d0dbcf?s=96&d=mm&r=g\",\"contentUrl\":\"https:\/\/secure.gravatar.com\/avatar\/2c0a28050b710f2e3cb3294bd752ef1bed88978bedc965d727afff7a82d0dbcf?s=96&d=mm&r=g\",\"caption\":\"renoadmin\"},\"url\":\"https:\/\/renocentese.com\/index.php\/author\/renoadmin\/\"}]}<\/script>\n<!-- \/ Yoast SEO plugin. -->","yoast_head_json":{"title":"Il Reno \u00e8 tornato! -","robots":{"index":"index","follow":"follow","max-snippet":"max-snippet:-1","max-image-preview":"max-image-preview:large","max-video-preview":"max-video-preview:-1"},"canonical":"http:\/\/renocentese.com\/index.php\/2018\/07\/23\/il-reno-e-tornato\/","og_locale":"it_IT","og_type":"article","og_title":"Il Reno \u00e8 tornato! -","og_description":"\u00c8 ufficiale la Polisportiva Reno Centese ASD si \u00e8 iscritta al campionato di calcio di terza categoria 2018\/2019. Quest&#8217;anno si festeggia il 45\u00b0 anno di fondazione e non c&#8217;\u00e8 momento migliore per far ripartire lo sport che ci ha dato grande notoriet\u00e0. Questa sar\u00e0 una ripartenza che vedr\u00e0 oltre alla prima squadra anche il ritorno [&hellip;]","og_url":"http:\/\/renocentese.com\/index.php\/2018\/07\/23\/il-reno-e-tornato\/","article_published_time":"2018-07-23T17:00:09+00:00","article_modified_time":"2019-07-31T10:06:14+00:00","og_image":[{"url":"http:\/\/renocentese.com\/wp-content\/uploads\/2018\/07\/Squadra-Reno-Centese-1024x768.jpg"}],"author":"renoadmin","twitter_card":"summary_large_image","twitter_misc":{"Scritto da":false,"Tempo di lettura stimato":"1 minuto"},"schema":{"@context":"https:\/\/schema.org","@graph":[{"@type":"WebPage","@id":"http:\/\/renocentese.com\/index.php\/2018\/07\/23\/il-reno-e-tornato\/","url":"http:\/\/renocentese.com\/index.php\/2018\/07\/23\/il-reno-e-tornato\/","name":"Il Reno \u00e8 tornato! -","isPartOf":{"@id":"http:\/\/renocentese.com\/#website"},"primaryImageOfPage":{"@id":"http:\/\/renocentese.com\/index.php\/2018\/07\/23\/il-reno-e-tornato\/#primaryimage"},"image":{"@id":"http:\/\/renocentese.com\/index.php\/2018\/07\/23\/il-reno-e-tornato\/#primaryimage"},"thumbnailUrl":"http:\/\/renocentese.com\/wp-content\/uploads\/2018\/07\/Squadra-Reno-Centese-1024x768.jpg","datePublished":"2018-07-23T17:00:09+00:00","dateModified":"2019-07-31T10:06:14+00:00","author":{"@id":"http:\/\/renocentese.com\/#\/schema\/person\/35ab577861bf5a08e78240fa58bc08b9"},"breadcrumb":{"@id":"http:\/\/renocentese.com\/index.php\/2018\/07\/23\/il-reno-e-tornato\/#breadcrumb"},"inLanguage":"it-IT","potentialAction":[{"@type":"ReadAction","target":["http:\/\/renocentese.com\/index.php\/2018\/07\/23\/il-reno-e-tornato\/"]}]},{"@type":"ImageObject","inLanguage":"it-IT","@id":"http:\/\/renocentese.com\/index.php\/2018\/07\/23\/il-reno-e-tornato\/#primaryimage","url":"https:\/\/renocentese.com\/wp-content\/uploads\/2018\/07\/Squadra-Reno-Centese.jpg","contentUrl":"https:\/\/renocentese.com\/wp-content\/uploads\/2018\/07\/Squadra-Reno-Centese.jpg","width":4032,"height":3024},{"@type":"BreadcrumbList","@id":"http:\/\/renocentese.com\/index.php\/2018\/07\/23\/il-reno-e-tornato\/#breadcrumb","itemListElement":[{"@type":"ListItem","position":1,"name":"Home","item":"http:\/\/renocentese.com\/"},{"@type":"ListItem","position":2,"name":"Il Reno \u00e8 tornato!"}]},{"@type":"WebSite","@id":"http:\/\/renocentese.com\/#website","url":"http:\/\/renocentese.com\/","name":"","description":"","potentialAction":[{"@type":"SearchAction","target":{"@type":"EntryPoint","urlTemplate":"http:\/\/renocentese.com\/?s={search_term_string}"},"query-input":{"@type":"PropertyValueSpecification","valueRequired":true,"valueName":"search_term_string"}}],"inLanguage":"it-IT"},{"@type":"Person","@id":"http:\/\/renocentese.com\/#\/schema\/person\/35ab577861bf5a08e78240fa58bc08b9","name":"renoadmin","image":{"@type":"ImageObject","inLanguage":"it-IT","@id":"http:\/\/renocentese.com\/#\/schema\/person\/image\/","url":"https:\/\/secure.gravatar.com\/avatar\/2c0a28050b710f2e3cb3294bd752ef1bed88978bedc965d727afff7a82d0dbcf?s=96&d=mm&r=g","contentUrl":"https:\/\/secure.gravatar.com\/avatar\/2c0a28050b710f2e3cb3294bd752ef1bed88978bedc965d727afff7a82d0dbcf?s=96&d=mm&r=g","caption":"renoadmin"},"url":"https:\/\/renocentese.com\/index.php\/author\/renoadmin\/"}]}},"_links":{"self":[{"href":"https:\/\/renocentese.com\/index.php\/wp-json\/wp\/v2\/posts\/130","targetHints":{"allow":["GET"]}}],"collection":[{"href":"https:\/\/renocentese.com\/index.php\/wp-json\/wp\/v2\/posts"}],"about":[{"href":"https:\/\/renocentese.com\/index.php\/wp-json\/wp\/v2\/types\/post"}],"author":[{"embeddable":true,"href":"https:\/\/renocentese.com\/index.php\/wp-json\/wp\/v2\/users\/2"}],"replies":[{"embeddable":true,"href":"https:\/\/renocentese.com\/index.php\/wp-json\/wp\/v2\/comments?post=130"}],"version-history":[{"count":18,"href":"https:\/\/renocentese.com\/index.php\/wp-json\/wp\/v2\/posts\/130\/revisions"}],"predecessor-version":[{"id":224,"href":"https:\/\/renocentese.com\/index.php\/wp-json\/wp\/v2\/posts\/130\/revisions\/224"}],"wp:attachment":[{"href":"https:\/\/renocentese.com\/index.php\/wp-json\/wp\/v2\/media?parent=130"}],"wp:term":[{"taxonomy":"category","embeddable":true,"href":"https:\/\/renocentese.com\/index.php\/wp-json\/wp\/v2\/categories?post=130"},{"taxonomy":"post_tag","embeddable":true,"href":"https:\/\/renocentese.com\/index.php\/wp-json\/wp\/v2\/tags?post=130"}],"curies":[{"name":"wp","href":"https:\/\/api.w.org\/{rel}","templated":true}]}}